[{"@context":"https:\/\/schema.org\/","@type":"Article","@id":"https:\/\/www.abiks.sk\/vianocna-vyzdoba-pre-mesta-a-obce\/#Article","mainEntityOfPage":"https:\/\/www.abiks.sk\/vianocna-vyzdoba-pre-mesta-a-obce\/","headline":"Viano\u010dn\u00e1 v\u00fdzdoba pre mest\u00e1 a obce","name":"Viano\u010dn\u00e1 v\u00fdzdoba pre mest\u00e1 a obce","description":"Ur\u010dite bud\u00fa v\u0161etci s\u00fahlasi\u0165 s t\u00fdm, \u017ee ma\u0165 domov a cel\u00fd \u017eivot na mieste, ktor\u00e9 je upraven\u00e9, o ktor\u00e9 je postaran\u00e9 a na ktorom si d\u00e1vaj\u00fa kompetentn\u00ed z\u00e1le\u017ea\u0165 je \u00faplne in\u00e9 ako \u017ei\u0165 niekde, kde nikomu na ni\u010dom nez\u00e1le\u017e\u00ed. A nako\u013eko chc\u00fa mest\u00e1 a obce Veselevianocesvojich ob\u010danov udr\u017ea\u0165 tam kde s\u00fa tak, aby boli spokojn\u00ed&hellip; <div><a class=\"more-link\" href=\"https:\/\/www.abiks.sk\/vianocna-vyzdoba-pre-mesta-a-obce\/\">Pokra\u010dovat ve \u010dten\u00ed <span class=\"screen-reader-text\">Viano\u010dn\u00e1 v\u00fdzdoba pre mest\u00e1 a obce<\/span><\/a><\/div>","datePublished":"2022-10-21","dateModified":"2022-10-21","author":{"@type":"Person","@id":"https:\/\/www.abiks.sk\/author\/#Person","name":"","url":"https:\/\/www.abiks.sk\/author\/","identifier":1,"image":{"@type":"ImageObject","@id":"https:\/\/secure.gravatar.com\/avatar\/6196ab3290f0588684cbf95ce4767834b8315bcb507f63d5b017eaff100340dd?s=96&d=mm&r=g","url":"https:\/\/secure.gravatar.com\/avatar\/6196ab3290f0588684cbf95ce4767834b8315bcb507f63d5b017eaff100340dd?s=96&d=mm&r=g","height":96,"width":96}},"publisher":{"@type":"Organization","name":"abiks.sk","logo":{"@type":"ImageObject","@id":"\/logo.png","url":"\/logo.png","width":600,"height":60}},"image":{"@type":"ImageObject","@id":"https:\/\/www.abiks.sk\/wp-content\/uploads\/church-648430__340.jpg","url":"https:\/\/www.abiks.sk\/wp-content\/uploads\/church-648430__340.jpg","height":0,"width":0},"url":"https:\/\/www.abiks.sk\/vianocna-vyzdoba-pre-mesta-a-obce\/","wordCount":413,"articleBody":"       Ur\u010dite bud\u00fa v\u0161etci s\u00fahlasi\u0165 s t\u00fdm, \u017ee ma\u0165 domov a cel\u00fd \u017eivot na mieste, ktor\u00e9 je upraven\u00e9, o ktor\u00e9 je postaran\u00e9 a na ktorom si d\u00e1vaj\u00fa kompetentn\u00ed z\u00e1le\u017ea\u0165 je \u00faplne in\u00e9 ako \u017ei\u0165 niekde, kde nikomu na ni\u010dom nez\u00e1le\u017e\u00ed. A nako\u013eko chc\u00fa mest\u00e1 a obce Veselevianocesvojich ob\u010danov udr\u017ea\u0165 tam kde s\u00fa tak, aby boli spokojn\u00ed s t\u00fdm kde \u017eij\u00fa, robia v\u0161etko preto aby tak aj v skuto\u010dnosti bolo. Upratan\u00e9 a \u010dist\u00e9 mesto by malo by\u0165 samozrejmos\u0165ou spolu so skr\u00e1\u0161\u013eovan\u00edm vonkaj\u0161\u00edch priestorov a ul\u00edc s\u00fa\u010das\u0165ou ktor\u00fdch je aj v\u00fdzdoba, ktor\u00e1 zodpoved\u00e1 pr\u00edslu\u0161n\u00e9mu ro\u010dn\u00e9mu obdobiu. Obzvl\u00e1\u0161\u0165 tomu viano\u010dn\u00e9mu, \u013eudia radi c\u00edtia viano\u010dn\u00e9ho ducha z ul\u00edc ke\u010f tr\u00e1via ve\u010dery prech\u00e1dzkami, preto je viano\u010dn\u00e1 v\u00fdzdoba o nie\u010do d\u00f4le\u017eitej\u0161ia. Toto obdobie je len raz za rok, a preto si v\u00e4\u010d\u0161ina obc\u00ed a miest d\u00e1va mimoriadne z\u00e1le\u017ea\u0165 na tom, aby bolo c\u00edti\u0165 z ka\u017ed\u00e9ho k\u00fata a vidie\u0165 u\u017e na prv\u00fd poh\u013ead. Viano\u010dnou v\u00fdzdobou dok\u00e1\u017eete doda\u0165 svojmu mestu nov\u00fd n\u00e1dych, ktor\u00fd bude \u010darovn\u00fd, sta\u010d\u00ed ak zvol\u00edte t\u00fa spr\u00e1vnu, ktor\u00e1 ulice \u010di n\u00e1mestia okam\u017eite roz\u017eiari. Pokojne vyme\u0148te star\u00fa, mo\u017eno a\u017e nieko\u013eko desiatok rokov star\u00fa v\u00fdzdobu za nov\u00fa a modern\u00fa, ktor\u00e1 Va\u0161e okolie zmen\u00ed na nepoznanie a \u013eudia z nej bud\u00fa nad\u0161en\u00ed, no najv\u00e4\u010d\u0161ou odmenou pre V\u00e1s bud\u00fa roz\u017eiaren\u00e9 poh\u013eady deti\u010diek, ktor\u00e9 sa na n\u00e1dhern\u00fa v\u00fdzdobu nebud\u00fa vedie\u0165 vynad\u00edva\u0165.\u010co je vo viano\u010dnom obdob\u00ed kraj\u0161ie ako stretnutie rod\u00edn \u010di priate\u013eov vonku, pod n\u00e1dherne vyzdoben\u00fdm viano\u010dn\u00fdm strom\u010dekom vo viano\u010dn\u00fdch uliciach, kde si u\u017e\u00edvaj\u00fa t\u00fato pokojn\u00fa a \u010darovn\u00fa atmosf\u00e9ru s o\u010dak\u00e1van\u00edm najkraj\u0161ej \u010dasti roka? Na na\u0161ej str\u00e1nke veselevianoce.sk n\u00e1jdete dokonal\u00fa a modern\u00fa viano\u010dn\u00fa v\u00fdzdobu ur\u010den\u00fa pre mest\u00e1 a obce, ktorou ulice svojich miest zmen\u00edte na nepoznanie a \u013eudia sa nebud\u00fa vedie\u0165 vynad\u00edva\u0165. Zme\u0148te svoje mesto v tomto obdob\u00ed na mal\u00e9 kr\u00e1\u013eovstvo, ktor\u00fdm sa budete prech\u00e1dza\u0165 s hrdos\u0165ou a nad\u0161en\u00edm a posilnite tak viano\u010dn\u00e9ho ducha e\u0161te o nie\u010do viac.                                                                                                                                                                                                                                                                                                                                                                                           4.2\/5 - (8 votes)        "},{"@context":"https:\/\/schema.org\/","@type":"BreadcrumbList","itemListElement":[{"@type":"ListItem","position":1,"name":"Viano\u010dn\u00e1 v\u00fdzdoba pre mest\u00e1 a obce","item":"https:\/\/www.abiks.sk\/vianocna-vyzdoba-pre-mesta-a-obce\/#breadcrumbitem"}]}]